{"id":1447,"date":"2013-02-25T14:43:07","date_gmt":"2013-02-25T19:43:07","guid":{"rendered":"http:\/\/fablabs-quebec.org\/?p=1447"},"modified":"2020-11-10T16:25:35","modified_gmt":"2020-11-10T21:25:35","slug":"communique-presse","status":"publish","type":"post","link":"https:\/\/fablabs.quebec\/?p=1447","title":{"rendered":"Communiqu\u00e9 de presse &#8211; Imaginons un atelier Fab Lab \u00e0 La Pocati\u00e8re"},"content":{"rendered":"<p><a href=\"http:\/\/twitter.com\/share?url=https%3A%2F%2Ffablabs.quebec%2F%3Fp%3D1447&amp;count=none&amp;lang=fr&amp;via=FabLabsQuebec&amp;related=FabLabsQuebec&amp;text=Communiqu\u00e9 de presse - Imaginons un atelier Fab Lab \u00e0 La Pocati\u00e8re - Fab Labs Qu\u00e9bec\" class=\"twitter-share-button\">Tweet<\/a><\/p><p style=\"text-align: right;\">Communiqu\u00e9<br \/>\nPour diffusion imm\u00e9diate<\/p>\n<p style=\"text-align: center;\"><strong>Imaginons un atelier <em>Fab Lab<\/em> \u00e0 La Pocati\u00e8re<\/strong><\/p>\n<p>La Pocati\u00e8re, le 25 f\u00e9vrier 2013 \u2013 Le C\u00e9gep de La Pocati\u00e8re, en collaboration avec Fab Lab Qu\u00e9bec propose \u00e0 toute la population d\u2019explorer une nouvelle fa\u00e7on de cr\u00e9er, d\u2019apprendre et de vivre l\u2019innovation dans une atmosph\u00e8re conviviale le <strong>lundi 4 mars<\/strong> prochain au Mistook du C\u00e9gep de La Pocati\u00e8re.<\/p>\n<p>Dans un milieu innovant et apprenant comme La Pocati\u00e8re, le C\u00e9gep de La Pocati\u00e8re et Fab Lab Qu\u00e9bec vous proposent d\u2019imaginer ce que vous pourriez r\u00e9aliser avec des machines telles une d\u00e9coupe-laser, une imprimante 3D, et autres si vous \u00e9tiez libre de les utiliser ou si l\u2019on vous aidait \u00e0 apprendre \u00e0 les utiliser. Que vous soyez retrait\u00e9s, \u00e9tudiants, enseignants, acteurs du d\u00e9veloppement \u00e9conomique et communautaire, entrepreneurs, cr\u00e9atifs, curieux ou\u00a0 \u00ab\u00a0patenteux\u00a0\u00bb venez d\u00e9couvrir une nouvelle fa\u00e7on d\u2019innover en mettant \u00e0 contribution les ressources et les gens du milieu.<\/p>\n<p><span style=\"text-decoration: underline;\">\u00c0 propos des <em>Fab Labs<\/em><\/span><\/p>\n<p>Les <em>Fab Labs<\/em> (Fabrication Laboratory) sont un r\u00e9seau mondial de laboratoires locaux connect\u00e9s entre eux, qui rendent possible l\u2019invention en ouvrant aux individus l\u2019acc\u00e8s \u00e0 des outils de fabrication num\u00e9rique.<\/p>\n<p>Vous \u00eates invit\u00e9s \u00e0 confirmer votre pr\u00e9sence sur le site <a href=\"https:\/\/fablabs.quebec\/lapoc\/\">fablabs-quebec.org\/lapoc<\/a> ou envoyez un courriel \u00e0 <a href=\"mailto:info@fablabs.quebec\">info@fablabs.quebec<\/a>.<\/p>\n<p>Bienvenue \u00e0 toute la population.<\/p>\n<p style=\"text-align: center;\">-30-<\/p>\n<p>Source\u00a0:<br \/>\nCarole Juneau, conseill\u00e8re en communication<br \/>\nT\u00e9l.\u00a0: 418\u00a0856-1525, poste 2255<br \/>\n<a href=\"mailto:cjuneau@cegeplapocatiere.qc.ca\">cjuneau@cegeplapocatiere.qc.ca<\/a><\/p>\n<p>Pour information\u00a0:<br \/>\nH\u00e9l\u00e8ne Brown<br \/>\nT\u00e9l.\u00a0 514\u00a0577-4678<br \/>\n<a href=\"mailto:helene@fablabs-quebec.org\">helene@fablabs-quebec.org<\/a><\/p>\n","protected":false},"excerpt":{"rendered":"<p>TweetCommuniqu\u00e9 Pour diffusion imm\u00e9diate Imaginons un atelier Fab Lab \u00e0 La Pocati\u00e8re La Pocati\u00e8re, le 25 f\u00e9vrier 2013 \u2013 Le C\u00e9gep de La Pocati\u00e8re, en collaboration avec Fab Lab Qu\u00e9bec propose \u00e0 toute la population d\u2019explorer une nouvelle fa\u00e7on de cr\u00e9er, d\u2019apprendre et de vivre l\u2019innovation dans une atmosph\u00e8re conviviale le lundi 4 mars prochain &hellip; <a href=\"https:\/\/fablabs.quebec\/?p=1447\" class=\"more-link\">Continuer la lecture de <span class=\"screen-reader-text\">Communiqu\u00e9 de presse &#8211; Imaginons un atelier Fab Lab \u00e0 La Pocati\u00e8re<\/span>  <span class=\"meta-nav\">&rarr;<\/span><\/a><\/p>\n","protected":false},"author":1,"featured_media":0,"comment_status":"open","ping_status":"open","sticky":false,"template":"","format":"standard","meta":{"footnotes":""},"categories":[60,11],"tags":[53,54,30,10,50],"class_list":["post-1447","post","type-post","status-publish","format-standard","hentry","category-communique-de-presse","category-evenements","tag-cegep","tag-cegep-de-la-pocatiere","tag-echofab","tag-evenement","tag-rencontre-communautaire"],"yoast_head":"<!-- This site is optimized with the Yoast SEO plugin v25.0 - https:\/\/yoast.com\/wordpress\/plugins\/seo\/ -->\n<title>Communiqu\u00e9 de presse - Imaginons un atelier Fab Lab \u00e0 La Pocati\u00e8re - Fab Labs Qu\u00e9bec<\/title>\n<meta name=\"robots\" content=\"index, follow, max-snippet:-1, max-image-preview:large, max-video-preview:-1\" \/>\n<link rel=\"canonical\" href=\"https:\/\/fablabs.quebec\/?p=1447\" \/>\n<meta property=\"og:locale\" content=\"fr_FR\" \/>\n<meta property=\"og:type\" content=\"article\" \/>\n<meta property=\"og:title\" content=\"Communiqu\u00e9 de presse - Imaginons un atelier Fab Lab \u00e0 La Pocati\u00e8re - Fab Labs Qu\u00e9bec\" \/>\n<meta property=\"og:description\" content=\"TweetCommuniqu\u00e9 Pour diffusion imm\u00e9diate Imaginons un atelier Fab Lab \u00e0 La Pocati\u00e8re La Pocati\u00e8re, le 25 f\u00e9vrier 2013 \u2013 Le C\u00e9gep de La Pocati\u00e8re, en collaboration avec Fab Lab Qu\u00e9bec propose \u00e0 toute la population d\u2019explorer une nouvelle fa\u00e7on de cr\u00e9er, d\u2019apprendre et de vivre l\u2019innovation dans une atmosph\u00e8re conviviale le lundi 4 mars prochain &hellip; Continuer la lecture de Communiqu\u00e9 de presse &#8211; Imaginons un atelier Fab Lab \u00e0 La Pocati\u00e8re &rarr;\" \/>\n<meta property=\"og:url\" content=\"https:\/\/fablabs.quebec\/?p=1447\" \/>\n<meta property=\"og:site_name\" content=\"Fab Labs Qu\u00e9bec\" \/>\n<meta property=\"article:published_time\" content=\"2013-02-25T19:43:07+00:00\" \/>\n<meta property=\"article:modified_time\" content=\"2020-11-10T21:25:35+00:00\" \/>\n<meta name=\"author\" content=\"admin\" \/>\n<meta name=\"twitter:card\" content=\"summary_large_image\" \/>\n<meta name=\"twitter:label1\" content=\"\u00c9crit par\" \/>\n\t<meta name=\"twitter:data1\" content=\"admin\" \/>\n\t<meta name=\"twitter:label2\" content=\"Dur\u00e9e de lecture estim\u00e9e\" \/>\n\t<meta name=\"twitter:data2\" content=\"1 minute\" \/>\n<script type=\"application\/ld+json\" class=\"yoast-schema-graph\">{\"@context\":\"https:\/\/schema.org\",\"@graph\":[{\"@type\":\"WebPage\",\"@id\":\"https:\/\/fablabs.quebec\/?p=1447\",\"url\":\"https:\/\/fablabs.quebec\/?p=1447\",\"name\":\"Communiqu\u00e9 de presse - Imaginons un atelier Fab Lab \u00e0 La Pocati\u00e8re - Fab Labs Qu\u00e9bec\",\"isPartOf\":{\"@id\":\"https:\/\/fablabs.quebec\/#website\"},\"datePublished\":\"2013-02-25T19:43:07+00:00\",\"dateModified\":\"2020-11-10T21:25:35+00:00\",\"author\":{\"@id\":\"https:\/\/fablabs.quebec\/#\/schema\/person\/801eb7845d33a5e874e981e5abdbd0e2\"},\"breadcrumb\":{\"@id\":\"https:\/\/fablabs.quebec\/?p=1447#breadcrumb\"},\"inLanguage\":\"fr-FR\",\"potentialAction\":[{\"@type\":\"ReadAction\",\"target\":[\"https:\/\/fablabs.quebec\/?p=1447\"]}]},{\"@type\":\"BreadcrumbList\",\"@id\":\"https:\/\/fablabs.quebec\/?p=1447#breadcrumb\",\"itemListElement\":[{\"@type\":\"ListItem\",\"position\":1,\"name\":\"Accueil\",\"item\":\"https:\/\/fablabs.quebec\/\"},{\"@type\":\"ListItem\",\"position\":2,\"name\":\"Communiqu\u00e9 de presse &#8211; Imaginons un atelier Fab Lab \u00e0 La Pocati\u00e8re\"}]},{\"@type\":\"WebSite\",\"@id\":\"https:\/\/fablabs.quebec\/#website\",\"url\":\"https:\/\/fablabs.quebec\/\",\"name\":\"Fab Labs Qu\u00e9bec\",\"description\":\"Interstructure des Fab Labs Qu\u00e9b\u00e9cois\",\"potentialAction\":[{\"@type\":\"SearchAction\",\"target\":{\"@type\":\"EntryPoint\",\"urlTemplate\":\"https:\/\/fablabs.quebec\/?s={search_term_string}\"},\"query-input\":{\"@type\":\"PropertyValueSpecification\",\"valueRequired\":true,\"valueName\":\"search_term_string\"}}],\"inLanguage\":\"fr-FR\"},{\"@type\":\"Person\",\"@id\":\"https:\/\/fablabs.quebec\/#\/schema\/person\/801eb7845d33a5e874e981e5abdbd0e2\",\"name\":\"admin\",\"image\":{\"@type\":\"ImageObject\",\"inLanguage\":\"fr-FR\",\"@id\":\"https:\/\/fablabs.quebec\/#\/schema\/person\/image\/\",\"url\":\"https:\/\/secure.gravatar.com\/avatar\/987329882303fa2c24f1a0cf28164f304227ebc200da5051a4504aacbf7db4ed?s=96&d=mm&r=g\",\"contentUrl\":\"https:\/\/secure.gravatar.com\/avatar\/987329882303fa2c24f1a0cf28164f304227ebc200da5051a4504aacbf7db4ed?s=96&d=mm&r=g\",\"caption\":\"admin\"},\"url\":\"https:\/\/fablabs.quebec\/?author=1\"}]}<\/script>\n<!-- \/ Yoast SEO plugin. -->","yoast_head_json":{"title":"Communiqu\u00e9 de presse - Imaginons un atelier Fab Lab \u00e0 La Pocati\u00e8re - Fab Labs Qu\u00e9bec","robots":{"index":"index","follow":"follow","max-snippet":"max-snippet:-1","max-image-preview":"max-image-preview:large","max-video-preview":"max-video-preview:-1"},"canonical":"https:\/\/fablabs.quebec\/?p=1447","og_locale":"fr_FR","og_type":"article","og_title":"Communiqu\u00e9 de presse - Imaginons un atelier Fab Lab \u00e0 La Pocati\u00e8re - Fab Labs Qu\u00e9bec","og_description":"TweetCommuniqu\u00e9 Pour diffusion imm\u00e9diate Imaginons un atelier Fab Lab \u00e0 La Pocati\u00e8re La Pocati\u00e8re, le 25 f\u00e9vrier 2013 \u2013 Le C\u00e9gep de La Pocati\u00e8re, en collaboration avec Fab Lab Qu\u00e9bec propose \u00e0 toute la population d\u2019explorer une nouvelle fa\u00e7on de cr\u00e9er, d\u2019apprendre et de vivre l\u2019innovation dans une atmosph\u00e8re conviviale le lundi 4 mars prochain &hellip; Continuer la lecture de Communiqu\u00e9 de presse &#8211; Imaginons un atelier Fab Lab \u00e0 La Pocati\u00e8re &rarr;","og_url":"https:\/\/fablabs.quebec\/?p=1447","og_site_name":"Fab Labs Qu\u00e9bec","article_published_time":"2013-02-25T19:43:07+00:00","article_modified_time":"2020-11-10T21:25:35+00:00","author":"admin","twitter_card":"summary_large_image","twitter_misc":{"\u00c9crit par":"admin","Dur\u00e9e de lecture estim\u00e9e":"1 minute"},"schema":{"@context":"https:\/\/schema.org","@graph":[{"@type":"WebPage","@id":"https:\/\/fablabs.quebec\/?p=1447","url":"https:\/\/fablabs.quebec\/?p=1447","name":"Communiqu\u00e9 de presse - Imaginons un atelier Fab Lab \u00e0 La Pocati\u00e8re - Fab Labs Qu\u00e9bec","isPartOf":{"@id":"https:\/\/fablabs.quebec\/#website"},"datePublished":"2013-02-25T19:43:07+00:00","dateModified":"2020-11-10T21:25:35+00:00","author":{"@id":"https:\/\/fablabs.quebec\/#\/schema\/person\/801eb7845d33a5e874e981e5abdbd0e2"},"breadcrumb":{"@id":"https:\/\/fablabs.quebec\/?p=1447#breadcrumb"},"inLanguage":"fr-FR","potentialAction":[{"@type":"ReadAction","target":["https:\/\/fablabs.quebec\/?p=1447"]}]},{"@type":"BreadcrumbList","@id":"https:\/\/fablabs.quebec\/?p=1447#breadcrumb","itemListElement":[{"@type":"ListItem","position":1,"name":"Accueil","item":"https:\/\/fablabs.quebec\/"},{"@type":"ListItem","position":2,"name":"Communiqu\u00e9 de presse &#8211; Imaginons un atelier Fab Lab \u00e0 La Pocati\u00e8re"}]},{"@type":"WebSite","@id":"https:\/\/fablabs.quebec\/#website","url":"https:\/\/fablabs.quebec\/","name":"Fab Labs Qu\u00e9bec","description":"Interstructure des Fab Labs Qu\u00e9b\u00e9cois","potentialAction":[{"@type":"SearchAction","target":{"@type":"EntryPoint","urlTemplate":"https:\/\/fablabs.quebec\/?s={search_term_string}"},"query-input":{"@type":"PropertyValueSpecification","valueRequired":true,"valueName":"search_term_string"}}],"inLanguage":"fr-FR"},{"@type":"Person","@id":"https:\/\/fablabs.quebec\/#\/schema\/person\/801eb7845d33a5e874e981e5abdbd0e2","name":"admin","image":{"@type":"ImageObject","inLanguage":"fr-FR","@id":"https:\/\/fablabs.quebec\/#\/schema\/person\/image\/","url":"https:\/\/secure.gravatar.com\/avatar\/987329882303fa2c24f1a0cf28164f304227ebc200da5051a4504aacbf7db4ed?s=96&d=mm&r=g","contentUrl":"https:\/\/secure.gravatar.com\/avatar\/987329882303fa2c24f1a0cf28164f304227ebc200da5051a4504aacbf7db4ed?s=96&d=mm&r=g","caption":"admin"},"url":"https:\/\/fablabs.quebec\/?author=1"}]}},"_links":{"self":[{"href":"https:\/\/fablabs.quebec\/index.php?rest_route=\/wp\/v2\/posts\/1447","targetHints":{"allow":["GET"]}}],"collection":[{"href":"https:\/\/fablabs.quebec\/index.php?rest_route=\/wp\/v2\/posts"}],"about":[{"href":"https:\/\/fablabs.quebec\/index.php?rest_route=\/wp\/v2\/types\/post"}],"author":[{"embeddable":true,"href":"https:\/\/fablabs.quebec\/index.php?rest_route=\/wp\/v2\/users\/1"}],"replies":[{"embeddable":true,"href":"https:\/\/fablabs.quebec\/index.php?rest_route=%2Fwp%2Fv2%2Fcomments&post=1447"}],"version-history":[{"count":1,"href":"https:\/\/fablabs.quebec\/index.php?rest_route=\/wp\/v2\/posts\/1447\/revisions"}],"predecessor-version":[{"id":2303,"href":"https:\/\/fablabs.quebec\/index.php?rest_route=\/wp\/v2\/posts\/1447\/revisions\/2303"}],"wp:attachment":[{"href":"https:\/\/fablabs.quebec\/index.php?rest_route=%2Fwp%2Fv2%2Fmedia&parent=1447"}],"wp:term":[{"taxonomy":"category","embeddable":true,"href":"https:\/\/fablabs.quebec\/index.php?rest_route=%2Fwp%2Fv2%2Fcategories&post=1447"},{"taxonomy":"post_tag","embeddable":true,"href":"https:\/\/fablabs.quebec\/index.php?rest_route=%2Fwp%2Fv2%2Ftags&post=1447"}],"curies":[{"name":"wp","href":"https:\/\/api.w.org\/{rel}","templated":true}]}}