{"id":1780,"date":"2014-07-23T14:48:15","date_gmt":"2014-07-23T19:48:15","guid":{"rendered":"http:\/\/fablabs-quebec.org\/?p=1780"},"modified":"2015-02-10T16:36:39","modified_gmt":"2015-02-10T21:36:39","slug":"lemergence-des-fab-labs-dans-les-municipalites-du-quebec-comme-moteur-de-vitalite-culturelle","status":"publish","type":"post","link":"https:\/\/fablabs.quebec\/?p=1780","title":{"rendered":"Les Arts et la Ville : l&rsquo;\u00e9mergence des Fab Labs dans les municipalit\u00e9s du Qu\u00e9bec comme moteur de vitalit\u00e9 culturelle"},"content":{"rendered":"<p><a href=\"http:\/\/twitter.com\/share?url=https%3A%2F%2Ffablabs.quebec%2F%3Fp%3D1780&amp;count=none&amp;lang=fr&amp;via=FabLabsQuebec&amp;related=FabLabsQuebec&amp;text=Les Arts et la Ville : l'\u00e9mergence des Fab Labs dans les municipalit\u00e9s du Qu\u00e9bec comme moteur de vitalit\u00e9 culturelle - Fab Labs Qu\u00e9bec\" class=\"twitter-share-button\">Tweet<\/a><\/p><p><em>Du 4 au 6 juin 2014, \u00e0 Alma, se tenait la 27e \u00e9dition du colloque annuel Les Arts et la Ville, sous le th\u00e8me La vitalit\u00e9 culturelle : l&rsquo;affaire de tous. Marc-Olivier Ducharme et Guillaume Coulombe partagent ici leur r\u00e9colte suite \u00e0 leur intervention en mode \u00ab\u00a0anti-conf\u00e9rence\u00a0\u00bb.<\/em><\/p>\n<p>Invit\u00e9s initialement \u00e0 pr\u00e9senter le concept des Fab Labs au Colloque ainsi que\u00a0 l&rsquo;\u00e9tat de la situation de leur \u00e9mergence au Qu\u00e9bec, nous avons bien s\u00fbr accept\u00e9 l&rsquo;invitation&#8230; tout en annon\u00e7ant que nous allions \u00eatre inusit\u00e9s dans notre intervention. En effet, puisque l&rsquo;\u00e9mergence des Fab Labs d&rsquo;ateliers citoyens de fabrication num\u00e9rique est encore tr\u00e8s jeune au Qu\u00e9bec, nous avions beaucoup plus envie de susciter l&rsquo;\u00e9change et de mobiliser l&rsquo;intelligence collective afin de faire en sorte que notre s\u00e9jour dans la r\u00e9gion du Lac St-Jean soit un \u00e9v\u00e9nement qui prenne part \u00e0 cette \u00e9mergence.<\/p>\n<p>Ainsi, d\u00e8s l&rsquo;entr\u00e9e dans la salle du groupe, nous avons tent\u00e9 de jouer d&rsquo;imagination, de dynamisme et complicit\u00e9 avec notre h\u00f4te, Mme Colette Brouill\u00e9 qui a \u00e9t\u00e9 d&rsquo;une brillante aide \u00e0 r\u00e9colter les piste porteuses et commentaires tous des plus pertinents de la salle.<\/p>\n<p>Organis\u00e9e en 3 actes (le Quoi des Fab Labs; les Fab Labs et le monde de la Culture; pour moi, maintenant), nous avons profit\u00e9 de notre rencontre avec cette quarantaine de personnes \u00e0 \u00e9tablir des liens entre les Fab Labs et quelques th\u00e8mes culturels.<\/p>\n<h1>La r\u00e9colte<\/h1>\n<h2>Cr\u00e9ation et Fab Labs<\/h2>\n<ul>\n<li>Utilisation en d\u00e9marche de cr\u00e9ation : le d\u00e9cloisonnement et les interrelations peuvent nourrir la cr\u00e9ativit\u00e9<\/li>\n<li>Autonomie et entraide dans les apprentissages de l&rsquo;artiste<\/li>\n<li>Facilit\u00e9 et accessibilit\u00e9 des processus : les potentiels mis \u00e0 disposition repoussent les limites<\/li>\n<li>\u00c9largissement des champs de connaissances permis par la continuit\u00e9 du Fab Lab dans les rencontre, la participation et les formules de mentorat possibles<\/li>\n<li>Ouverture vers la pluri-disciplinarit\u00e9 : les possibilit\u00e9s font croire qu&rsquo;on peut passer de <em>puriste<\/em> \u00e0 <em>pluriste<\/em> dans un lieu comme un Fab Lab.<\/li>\n<li>D\u00e9mocratisation : r\u00e9duisant les co\u00fbts d&rsquo;acc\u00e8s au technologies de pointe, l&rsquo;artiste peut cr\u00e9er avec cette contrainte en moins.<\/li>\n<\/ul>\n<h2>M\u00e9diation et Fab Labs<\/h2>\n<ul>\n<li>Le Fab Lab peut enrichir la pratique de m\u00e9diation en facilitant l&rsquo;\u00e9change entre l&rsquo;Artiste et les citoyens<\/li>\n<li>Passer du Faite-le vous-m\u00eame (Do It Yourself) au Faisons-le ensemble (Do It Ourselves)<\/li>\n<li>L&rsquo;id\u00e9e d&rsquo;un calendrier de la fabrication citoyenne, un projet de Fab Labs Qu\u00e9bec en complicit\u00e9 avec Espaces Temps, est tr\u00e8s bien accueillie<\/li>\n<li>L&rsquo;appropriation des techniques et technologies permise en Fab Lab est souhait\u00e9e dans une m\u00e9diation artistique<\/li>\n<li>La transmission des savoirs-faire : un plus!<\/li>\n<li>On voit un certain parall\u00e8le avec l&rsquo;atelier du Cercle des Fermi\u00e8res : y a-t-il des ponts \u00e0 b\u00e2tir?<\/li>\n<\/ul>\n<h2>Diffusion et Fab Labs<\/h2>\n<ul>\n<li>Possibilit\u00e9 d&rsquo;\u00e9tablir des liens avec la Fabrique culturelle<\/li>\n<li>Faire conna\u00eetre des projets \u00e0 l&rsquo;environnement du Fab Lab<\/li>\n<li>Cr\u00e9er des outils de diffusion en collaboration avec les Fab Labs<\/li>\n<li>Les collaborations possibles entre les Fab Labs et les biblioth\u00e8que<\/li>\n<\/ul>\n<h2>En vrac : les WOW!!<\/h2>\n<ul>\n<li>On change le paradigme : on n&rsquo;est pas n\u00e9s pour consommer<\/li>\n<li>On ouvre la bo\u00eete et d\u00e9mocratise la production<\/li>\n<li>L&rsquo;avenir des biblioth\u00e8ques : le savoir partag\u00e9<\/li>\n<li>Quel bel appel \u00e0 l&rsquo;intelligence collective<\/li>\n<li>Apr\u00e8s votre atelier, je peux maintenant dire que ce qui est rendu POSSIBLE avec les Fab Labs et FABULEUX! Je vois beaucoup d&rsquo;ESPOIR pour la nature humaine (rien de moins!) parce que vous liez l&rsquo;utilisateur des TI (d&rsquo;un tr\u00e8s haut niveau) avec valeurs de partage et d&rsquo;ouverture \u00e0 l&rsquo;autre&#8230; Quel qu&rsquo;il soit!<\/li>\n<\/ul>\n<h2>En vrac : les questions qui \u00e9mergent<\/h2>\n<p>Et des r\u00e9ponses, car elles sont toutes pertinentes&#8230;<\/p>\n<ul>\n<li>\u00a0L&rsquo;open source, c&rsquo;est quoi? <em>\u00c0 la base, \u00e7a veut dire que le code d&rsquo;un logiciel est public, ou qu&rsquo;il visible. Quand c&rsquo;est Libre et ouvert, l\u00e0 on peut le r\u00e9utiliser ailleurs (g\u00e9n\u00e9ralement quand m\u00eame en diffusant d&rsquo;o\u00f9 le travail a \u00e9t\u00e9 tir\u00e9)<\/em><\/li>\n<li>\u00c0 quel point l&rsquo;artiste est-il impliqu\u00e9 dans les Fab Labs? <em>Il y est invit\u00e9 et prend la place qu&rsquo;il d\u00e9sire<\/em><\/li>\n<li>Des entreprises peuvent-elles na\u00eetre dans les Fab Labs? <em>Oui, pourquoi pas?!<\/em><\/li>\n<li>Qui \u00e9quipe les Fab Labs? <em>Parfois le projet avait d\u00e9j\u00e0 des \u00e9quipement, par exemple certaines \u00e9coles techniques. Dans d&rsquo;autres cas, ce sont des projets d&rsquo;investissements et les financeurs ou subventionnaires peuvent varier.<\/em><\/li>\n<li>Peut-on utiliser les Fab Labs \u00e0 d&rsquo;autres fins? <em>Tant qu&rsquo;on ne vise pas l&rsquo;utiliser pour des actes violents et qu&rsquo;on ne brime pas son acc\u00e8s par les autres.<\/em><\/li>\n<li>Combien de Fab Labs y a-t-il au Qu\u00e9bec? <em>\u00c7a avance : environ 6 ateliers sont ouverts ou en phase d&rsquo;ouverture.<\/em> O\u00f9?\u00a0<em>Voir la page Les Fab Labs au Qu\u00e9bec<\/em><\/li>\n<li>Quelles sont les diff\u00e9rences entre les Fab Labs et les Living Labs? <em>Principalement les \u00e9quipements disponibles en Fab Labs.<\/em><\/li>\n<li>Existe-t-il des Food Labs au Qu\u00e9bec? <em>Pas qu&rsquo;on connaisse encore.<\/em><\/li>\n<li>Des liens entre Kaput et les Fab Labs? <em>Kaput le festival des artistes r\u00e9cup\u00e9rateurs? Les Fab Labs sont des ateliers.<\/em><\/li>\n<li>D&rsquo;o\u00f9 vient le financement? <em>G\u00e9n\u00e9ralement soutien local au d\u00e9marrage d&rsquo;entreprises sociales et solidaires. <\/em><\/li>\n<li>Les intervenants sont-ils tous sur une base volontaire? <em>Non, il peut y avoir des employ\u00e9s, des stagiaires. Des organisations et entreprises pourraient aussi y mobiliser des employ\u00e9s.<\/em><\/li>\n<li>Tarification : combien \u00e7a co\u00fbte?<em> \u00c7a d\u00e9pend de l&rsquo;utilisation : on paye en g\u00e9n\u00e9ral les mat\u00e9riaux. Les Fab Labs promettent quand m\u00eame des plages d&rsquo;acc\u00e8s gratuit.<\/em><\/li>\n<li>Comment aller chercher des connaissances multiples? (ex : applications aux arts vivants) S<em>trat\u00e9gies d&rsquo;animations au cas par cas, selon les implications.<\/em><\/li>\n<li>Y a-t-il des prolongements \u00e0 l&rsquo;ext\u00e9rieur des Fab Labs? <em>Au minimum la vie de tous qui continue, parfois transform\u00e9e. Sans limite.<\/em><\/li>\n<\/ul>\n<h1>Pour conclure&#8230;<\/h1>\n<p>En conclusion, nous avons litt\u00e9ralement \u00e9t\u00e9 enchant\u00e9s par l&rsquo;accueil \u00e0 cet \u00e9v\u00e9nement. Les gens rencontr\u00e9s, \u00e9lu(e)s municipaux et professionnel(le)s du d\u00e9veloppement culturel et artistique du Qu\u00e9bec et de l&rsquo;Acadie, ont donn\u00e9 de nombreuses pistes de relations entre la <em>vitalit\u00e9 culturelle<\/em> et les Fab Labs. Nous tenons \u00e0 remercier l&rsquo;organisation pour la qualit\u00e9 de l&rsquo;\u00e9v\u00e9nement et sommes bien \u00e9videmment dispos\u00e9s \u00e0 continuer les \u00e9changes de m\u00eame qu&rsquo;\u00e0 participer \u00e0 vos r\u00e9flexions collectives&#8230; et projets!<\/p>\n","protected":false},"excerpt":{"rendered":"<p>TweetDu 4 au 6 juin 2014, \u00e0 Alma, se tenait la 27e \u00e9dition du colloque annuel Les Arts et la Ville, sous le th\u00e8me La vitalit\u00e9 culturelle : l&rsquo;affaire de tous. Marc-Olivier Ducharme et Guillaume Coulombe partagent ici leur r\u00e9colte suite \u00e0 leur intervention en mode \u00ab\u00a0anti-conf\u00e9rence\u00a0\u00bb. Invit\u00e9s initialement \u00e0 pr\u00e9senter le concept des Fab &hellip; <a href=\"https:\/\/fablabs.quebec\/?p=1780\" class=\"more-link\">Continuer la lecture de <span class=\"screen-reader-text\">Les Arts et la Ville : l&rsquo;\u00e9mergence des Fab Labs dans les municipalit\u00e9s du Qu\u00e9bec comme moteur de vitalit\u00e9 culturelle<\/span>  <span class=\"meta-nav\">&rarr;<\/span><\/a><\/p>\n","protected":false},"author":2,"featured_media":0,"comment_status":"open","ping_status":"open","sticky":false,"template":"","format":"standard","meta":{"footnotes":""},"categories":[15],"tags":[],"class_list":["post-1780","post","type-post","status-publish","format-standard","hentry","category-compte-rendu-devenement"],"yoast_head":"<!-- This site is optimized with the Yoast SEO plugin v25.0 - https:\/\/yoast.com\/wordpress\/plugins\/seo\/ -->\n<title>Les Arts et la Ville : l&#039;\u00e9mergence des Fab Labs dans les municipalit\u00e9s du Qu\u00e9bec comme moteur de vitalit\u00e9 culturelle - Fab Labs Qu\u00e9bec<\/title>\n<meta name=\"robots\" content=\"index, follow, max-snippet:-1, max-image-preview:large, max-video-preview:-1\" \/>\n<link rel=\"canonical\" href=\"https:\/\/fablabs.quebec\/?p=1780\" \/>\n<meta property=\"og:locale\" content=\"fr_FR\" \/>\n<meta property=\"og:type\" content=\"article\" \/>\n<meta property=\"og:title\" content=\"Les Arts et la Ville : l&#039;\u00e9mergence des Fab Labs dans les municipalit\u00e9s du Qu\u00e9bec comme moteur de vitalit\u00e9 culturelle - Fab Labs Qu\u00e9bec\" \/>\n<meta property=\"og:description\" content=\"TweetDu 4 au 6 juin 2014, \u00e0 Alma, se tenait la 27e \u00e9dition du colloque annuel Les Arts et la Ville, sous le th\u00e8me La vitalit\u00e9 culturelle : l&rsquo;affaire de tous. Marc-Olivier Ducharme et Guillaume Coulombe partagent ici leur r\u00e9colte suite \u00e0 leur intervention en mode \u00ab\u00a0anti-conf\u00e9rence\u00a0\u00bb. Invit\u00e9s initialement \u00e0 pr\u00e9senter le concept des Fab &hellip; Continuer la lecture de Les Arts et la Ville : l&rsquo;\u00e9mergence des Fab Labs dans les municipalit\u00e9s du Qu\u00e9bec comme moteur de vitalit\u00e9 culturelle &rarr;\" \/>\n<meta property=\"og:url\" content=\"https:\/\/fablabs.quebec\/?p=1780\" \/>\n<meta property=\"og:site_name\" content=\"Fab Labs Qu\u00e9bec\" \/>\n<meta property=\"article:published_time\" content=\"2014-07-23T19:48:15+00:00\" \/>\n<meta property=\"article:modified_time\" content=\"2015-02-10T21:36:39+00:00\" \/>\n<meta name=\"author\" content=\"Guillaume Coulombe\" \/>\n<meta name=\"twitter:card\" content=\"summary_large_image\" \/>\n<meta name=\"twitter:label1\" content=\"\u00c9crit par\" \/>\n\t<meta name=\"twitter:data1\" content=\"Guillaume Coulombe\" \/>\n\t<meta name=\"twitter:label2\" content=\"Dur\u00e9e de lecture estim\u00e9e\" \/>\n\t<meta name=\"twitter:data2\" content=\"5 minutes\" \/>\n<script type=\"application\/ld+json\" class=\"yoast-schema-graph\">{\"@context\":\"https:\/\/schema.org\",\"@graph\":[{\"@type\":\"WebPage\",\"@id\":\"https:\/\/fablabs.quebec\/?p=1780\",\"url\":\"https:\/\/fablabs.quebec\/?p=1780\",\"name\":\"Les Arts et la Ville : l'\u00e9mergence des Fab Labs dans les municipalit\u00e9s du Qu\u00e9bec comme moteur de vitalit\u00e9 culturelle - Fab Labs Qu\u00e9bec\",\"isPartOf\":{\"@id\":\"https:\/\/fablabs.quebec\/#website\"},\"datePublished\":\"2014-07-23T19:48:15+00:00\",\"dateModified\":\"2015-02-10T21:36:39+00:00\",\"author\":{\"@id\":\"https:\/\/fablabs.quebec\/#\/schema\/person\/4d607d32293f6cf58a125c1dc51d9063\"},\"breadcrumb\":{\"@id\":\"https:\/\/fablabs.quebec\/?p=1780#breadcrumb\"},\"inLanguage\":\"fr-FR\",\"potentialAction\":[{\"@type\":\"ReadAction\",\"target\":[\"https:\/\/fablabs.quebec\/?p=1780\"]}]},{\"@type\":\"BreadcrumbList\",\"@id\":\"https:\/\/fablabs.quebec\/?p=1780#breadcrumb\",\"itemListElement\":[{\"@type\":\"ListItem\",\"position\":1,\"name\":\"Accueil\",\"item\":\"https:\/\/fablabs.quebec\/\"},{\"@type\":\"ListItem\",\"position\":2,\"name\":\"Les Arts et la Ville : l&#8217;\u00e9mergence des Fab Labs dans les municipalit\u00e9s du Qu\u00e9bec comme moteur de vitalit\u00e9 culturelle\"}]},{\"@type\":\"WebSite\",\"@id\":\"https:\/\/fablabs.quebec\/#website\",\"url\":\"https:\/\/fablabs.quebec\/\",\"name\":\"Fab Labs Qu\u00e9bec\",\"description\":\"Interstructure des Fab Labs Qu\u00e9b\u00e9cois\",\"potentialAction\":[{\"@type\":\"SearchAction\",\"target\":{\"@type\":\"EntryPoint\",\"urlTemplate\":\"https:\/\/fablabs.quebec\/?s={search_term_string}\"},\"query-input\":{\"@type\":\"PropertyValueSpecification\",\"valueRequired\":true,\"valueName\":\"search_term_string\"}}],\"inLanguage\":\"fr-FR\"},{\"@type\":\"Person\",\"@id\":\"https:\/\/fablabs.quebec\/#\/schema\/person\/4d607d32293f6cf58a125c1dc51d9063\",\"name\":\"Guillaume Coulombe\",\"image\":{\"@type\":\"ImageObject\",\"inLanguage\":\"fr-FR\",\"@id\":\"https:\/\/fablabs.quebec\/#\/schema\/person\/image\/\",\"url\":\"https:\/\/secure.gravatar.com\/avatar\/a1c76896338ca398ac9fed3cc8be5713fe0a161f8ce1e59e6913aadf6e962b9b?s=96&d=mm&r=g\",\"contentUrl\":\"https:\/\/secure.gravatar.com\/avatar\/a1c76896338ca398ac9fed3cc8be5713fe0a161f8ce1e59e6913aadf6e962b9b?s=96&d=mm&r=g\",\"caption\":\"Guillaume Coulombe\"},\"url\":\"https:\/\/fablabs.quebec\/?author=2\"}]}<\/script>\n<!-- \/ Yoast SEO plugin. -->","yoast_head_json":{"title":"Les Arts et la Ville : l'\u00e9mergence des Fab Labs dans les municipalit\u00e9s du Qu\u00e9bec comme moteur de vitalit\u00e9 culturelle - Fab Labs Qu\u00e9bec","robots":{"index":"index","follow":"follow","max-snippet":"max-snippet:-1","max-image-preview":"max-image-preview:large","max-video-preview":"max-video-preview:-1"},"canonical":"https:\/\/fablabs.quebec\/?p=1780","og_locale":"fr_FR","og_type":"article","og_title":"Les Arts et la Ville : l'\u00e9mergence des Fab Labs dans les municipalit\u00e9s du Qu\u00e9bec comme moteur de vitalit\u00e9 culturelle - Fab Labs Qu\u00e9bec","og_description":"TweetDu 4 au 6 juin 2014, \u00e0 Alma, se tenait la 27e \u00e9dition du colloque annuel Les Arts et la Ville, sous le th\u00e8me La vitalit\u00e9 culturelle : l&rsquo;affaire de tous. Marc-Olivier Ducharme et Guillaume Coulombe partagent ici leur r\u00e9colte suite \u00e0 leur intervention en mode \u00ab\u00a0anti-conf\u00e9rence\u00a0\u00bb. Invit\u00e9s initialement \u00e0 pr\u00e9senter le concept des Fab &hellip; Continuer la lecture de Les Arts et la Ville : l&rsquo;\u00e9mergence des Fab Labs dans les municipalit\u00e9s du Qu\u00e9bec comme moteur de vitalit\u00e9 culturelle &rarr;","og_url":"https:\/\/fablabs.quebec\/?p=1780","og_site_name":"Fab Labs Qu\u00e9bec","article_published_time":"2014-07-23T19:48:15+00:00","article_modified_time":"2015-02-10T21:36:39+00:00","author":"Guillaume Coulombe","twitter_card":"summary_large_image","twitter_misc":{"\u00c9crit par":"Guillaume Coulombe","Dur\u00e9e de lecture estim\u00e9e":"5 minutes"},"schema":{"@context":"https:\/\/schema.org","@graph":[{"@type":"WebPage","@id":"https:\/\/fablabs.quebec\/?p=1780","url":"https:\/\/fablabs.quebec\/?p=1780","name":"Les Arts et la Ville : l'\u00e9mergence des Fab Labs dans les municipalit\u00e9s du Qu\u00e9bec comme moteur de vitalit\u00e9 culturelle - Fab Labs Qu\u00e9bec","isPartOf":{"@id":"https:\/\/fablabs.quebec\/#website"},"datePublished":"2014-07-23T19:48:15+00:00","dateModified":"2015-02-10T21:36:39+00:00","author":{"@id":"https:\/\/fablabs.quebec\/#\/schema\/person\/4d607d32293f6cf58a125c1dc51d9063"},"breadcrumb":{"@id":"https:\/\/fablabs.quebec\/?p=1780#breadcrumb"},"inLanguage":"fr-FR","potentialAction":[{"@type":"ReadAction","target":["https:\/\/fablabs.quebec\/?p=1780"]}]},{"@type":"BreadcrumbList","@id":"https:\/\/fablabs.quebec\/?p=1780#breadcrumb","itemListElement":[{"@type":"ListItem","position":1,"name":"Accueil","item":"https:\/\/fablabs.quebec\/"},{"@type":"ListItem","position":2,"name":"Les Arts et la Ville : l&#8217;\u00e9mergence des Fab Labs dans les municipalit\u00e9s du Qu\u00e9bec comme moteur de vitalit\u00e9 culturelle"}]},{"@type":"WebSite","@id":"https:\/\/fablabs.quebec\/#website","url":"https:\/\/fablabs.quebec\/","name":"Fab Labs Qu\u00e9bec","description":"Interstructure des Fab Labs Qu\u00e9b\u00e9cois","potentialAction":[{"@type":"SearchAction","target":{"@type":"EntryPoint","urlTemplate":"https:\/\/fablabs.quebec\/?s={search_term_string}"},"query-input":{"@type":"PropertyValueSpecification","valueRequired":true,"valueName":"search_term_string"}}],"inLanguage":"fr-FR"},{"@type":"Person","@id":"https:\/\/fablabs.quebec\/#\/schema\/person\/4d607d32293f6cf58a125c1dc51d9063","name":"Guillaume Coulombe","image":{"@type":"ImageObject","inLanguage":"fr-FR","@id":"https:\/\/fablabs.quebec\/#\/schema\/person\/image\/","url":"https:\/\/secure.gravatar.com\/avatar\/a1c76896338ca398ac9fed3cc8be5713fe0a161f8ce1e59e6913aadf6e962b9b?s=96&d=mm&r=g","contentUrl":"https:\/\/secure.gravatar.com\/avatar\/a1c76896338ca398ac9fed3cc8be5713fe0a161f8ce1e59e6913aadf6e962b9b?s=96&d=mm&r=g","caption":"Guillaume Coulombe"},"url":"https:\/\/fablabs.quebec\/?author=2"}]}},"_links":{"self":[{"href":"https:\/\/fablabs.quebec\/index.php?rest_route=\/wp\/v2\/posts\/1780","targetHints":{"allow":["GET"]}}],"collection":[{"href":"https:\/\/fablabs.quebec\/index.php?rest_route=\/wp\/v2\/posts"}],"about":[{"href":"https:\/\/fablabs.quebec\/index.php?rest_route=\/wp\/v2\/types\/post"}],"author":[{"embeddable":true,"href":"https:\/\/fablabs.quebec\/index.php?rest_route=\/wp\/v2\/users\/2"}],"replies":[{"embeddable":true,"href":"https:\/\/fablabs.quebec\/index.php?rest_route=%2Fwp%2Fv2%2Fcomments&post=1780"}],"version-history":[{"count":3,"href":"https:\/\/fablabs.quebec\/index.php?rest_route=\/wp\/v2\/posts\/1780\/revisions"}],"predecessor-version":[{"id":1799,"href":"https:\/\/fablabs.quebec\/index.php?rest_route=\/wp\/v2\/posts\/1780\/revisions\/1799"}],"wp:attachment":[{"href":"https:\/\/fablabs.quebec\/index.php?rest_route=%2Fwp%2Fv2%2Fmedia&parent=1780"}],"wp:term":[{"taxonomy":"category","embeddable":true,"href":"https:\/\/fablabs.quebec\/index.php?rest_route=%2Fwp%2Fv2%2Fcategories&post=1780"},{"taxonomy":"post_tag","embeddable":true,"href":"https:\/\/fablabs.quebec\/index.php?rest_route=%2Fwp%2Fv2%2Ftags&post=1780"}],"curies":[{"name":"wp","href":"https:\/\/api.w.org\/{rel}","templated":true}]}}